{"id":263,"date":"2026-04-29T17:58:54","date_gmt":"2026-04-29T16:58:54","guid":{"rendered":"https:\/\/canb.cat\/clubnoubarris\/?p=263"},"modified":"2026-04-29T18:00:45","modified_gmt":"2026-04-29T17:00:45","slug":"comunicat-oficial","status":"publish","type":"post","link":"https:\/\/canb.cat\/clubnoubarris\/index.php\/2026\/04\/29\/comunicat-oficial\/","title":{"rendered":"Comunicat oficial"},"content":{"rendered":"\n<p>Despr\u00e9s de la publicaci\u00f3, en data 27 d\u2019abril de 2026, del comunicat de l\u2019Ajuntament de Barcelona titulat \u201cL\u2019esport base de la UE Sant Andreu i el CE Europa disposar\u00e0 de nous camps per als entrenaments\u201d, i despr\u00e9s de la roda de premsa en la que l\u2019alcalde de Barcelona ha anunciat l\u2019acord amb les dues entitats per a la reubicaci\u00f3 del seu futbol base, i la instal\u00b7laci\u00f3 de gespa natural als camps del Narc\u00eds Sala i Nou Sardenya, el Club d\u2019Atletisme Nou Barris vol comunicar el seg\u00fcent:<br><br>Des de el Club celebrem l\u2019acord, perqu\u00e8 s\u2019ha resolt una problem\u00e0tica que considerem que la nostra entitat ha resultat greument perjudicada.<br><br>Al llarg d\u2019aquesta temporada, el Club ha tingut que compartir el seu espai amb una entitat aliena al seu esport i que pertany a un altre entorn social. Aquesta situaci\u00f3 ha tingut conseq\u00fc\u00e8ncies molt negatives, especialment per la impossibilitat de dur a terme entrenaments segurs amb els esportistes de l\u2019Escola d\u2019atletisme i d\u2019organitzar competicions atl\u00e8tiques. Tot aix\u00f2, ha suposat una disminuci\u00f3 alarmant d\u2019usuaris que posen en risc la continu\u00eftat i viabilitat d\u2019un Club que es tota una refer\u00e8ncia pel treball inclusiu de joves i infants amb diversitat funcional. A m\u00e9s, de que els atletes que practiquen llan\u00e7aments han sigut expulsats del recinte per a entrenar a un espai que, a dia d\u2019avui no reuneix les condicions adients.<br><br>Des de bon principi vam plantejar la possibilitat de que posessin gespa natural al Nou Sardenya per a no perjudicar la din\u00e0mica de Can Drag\u00f3, per\u00f2 la resposta que ens vam trobar va ser que, davant l impossibilitat t\u00e8cnica de dur a terme questa millora, s\u2019apostava per fer una inversi\u00f3 a la pista d\u2019atletisme de Can Drag\u00f3. Aquesta inversi\u00f3, qualificada sempre de provisional pels t\u00e8cnics i representants municipals, havia de donar resposta a una necessitat puntual i, posteriorment, havia de servir per adequar i modernitzar les instal\u00b7lacions atl\u00e8tiques.<br><br>Celebrem que finalment s\u2019hagin superat aquestes dificultats t\u00e8cniques i assumim, per tant, que la fase de provisionalitat anunciada aviat arribar\u00e0 a la seva fi.<br><br>Es per aix\u00f2 que reclamem a l\u2019Ajuntament que compleixi amb el seu comprom\u00eds amb el Club d\u2019Atletisme Nou Barris i amb el m\u00f3n de l\u2019atletisme, i que realitzi les actuacions necess\u00e0ries per fer de Can Drag\u00f3 una pista atl\u00e8tica de referencia a Catalunya.<br><br>Entenem que elements com el manteniment de la gespa natural, el retorn de la g\u00e0bia de llan\u00e7aments i el desmuntatge de les grades suplet\u00f2ries del dintre de la pista es faran realitat abans de que comenci la temporada vinent.<br><br>Tot i aix\u00ed quedaran pendents actuacions tan importants com l\u2019adequaci\u00f3 de la sala de musculaci\u00f3, dels vestidors i de la grada, aix\u00ed com l\u2019estudi per d\u2019instal\u00b7laci\u00f3 de graderies definitives a la contrarrecta i\/o corbes, sempre per fora de la pista.<br><br>Finalment, la Junta Directiva del Club d\u2019Atletisme Nou Barris es posa a disposici\u00f3 de l\u2019Ajuntament de Barcelona i de l\u2019Institut Barcelona Esports per comen\u00e7ar a treballar, a la major brevetat possible, en el calendari de finalitzaci\u00f3 de les actuacions previstes.<\/p>\n","protected":false},"excerpt":{"rendered":"<p>Despr\u00e9s de la publicaci\u00f3, en data 27 d\u2019abril de 2026, del comunicat de l\u2019Ajuntament de Barcelona titulat \u201cL\u2019esport base de la UE Sant Andreu i el CE Europa disposar\u00e0 de nous camps per als entrenaments\u201d, i despr\u00e9s de la roda de premsa en la que l\u2019alcalde de Barcelona ha anunciat l\u2019acord amb les dues entitats &hellip; <\/p>\n<p class=\"link-more\"><a href=\"https:\/\/canb.cat\/clubnoubarris\/index.php\/2026\/04\/29\/comunicat-oficial\/\" class=\"more-link\">Leer m\u00e1s<span class=\"screen-reader-text\"> \u00abComunicat oficial\u00bb<\/span><\/a><\/p>\n","protected":false},"author":1,"featured_media":0,"comment_status":"closed","ping_status":"open","sticky":false,"template":"","format":"standard","meta":{"footnotes":""},"categories":[1],"tags":[],"class_list":["post-263","post","type-post","status-publish","format-standard","hentry","category-uncategorized"],"publishpress_future_action":{"enabled":false,"date":"2026-05-07 15:01:01","action":"change-status","newStatus":"draft","terms":[],"taxonomy":"category","extraData":[]},"publishpress_future_workflow_manual_trigger":{"enabledWorkflows":[]},"_links":{"self":[{"href":"https:\/\/canb.cat\/clubnoubarris\/index.php\/wp-json\/wp\/v2\/posts\/263","targetHints":{"allow":["GET"]}}],"collection":[{"href":"https:\/\/canb.cat\/clubnoubarris\/index.php\/wp-json\/wp\/v2\/posts"}],"about":[{"href":"https:\/\/canb.cat\/clubnoubarris\/index.php\/wp-json\/wp\/v2\/types\/post"}],"author":[{"embeddable":true,"href":"https:\/\/canb.cat\/clubnoubarris\/index.php\/wp-json\/wp\/v2\/users\/1"}],"replies":[{"embeddable":true,"href":"https:\/\/canb.cat\/clubnoubarris\/index.php\/wp-json\/wp\/v2\/comments?post=263"}],"version-history":[{"count":1,"href":"https:\/\/canb.cat\/clubnoubarris\/index.php\/wp-json\/wp\/v2\/posts\/263\/revisions"}],"predecessor-version":[{"id":264,"href":"https:\/\/canb.cat\/clubnoubarris\/index.php\/wp-json\/wp\/v2\/posts\/263\/revisions\/264"}],"wp:attachment":[{"href":"https:\/\/canb.cat\/clubnoubarris\/index.php\/wp-json\/wp\/v2\/media?parent=263"}],"wp:term":[{"taxonomy":"category","embeddable":true,"href":"https:\/\/canb.cat\/clubnoubarris\/index.php\/wp-json\/wp\/v2\/categories?post=263"},{"taxonomy":"post_tag","embeddable":true,"href":"https:\/\/canb.cat\/clubnoubarris\/index.php\/wp-json\/wp\/v2\/tags?post=263"}],"curies":[{"name":"wp","href":"https:\/\/api.w.org\/{rel}","templated":true}]}}